{"id":278647,"date":"2025-06-19T10:48:56","date_gmt":"2025-06-19T10:48:56","guid":{"rendered":"https:\/\/michigandigitalnews.com\/index.php\/2025\/06\/19\/the-battle-over-serbias-lithium\/"},"modified":"2025-06-25T17:08:01","modified_gmt":"2025-06-25T17:08:01","slug":"the-battle-over-serbias-lithium","status":"publish","type":"post","link":"https:\/\/michigandigitalnews.com\/index.php\/2025\/06\/19\/the-battle-over-serbias-lithium\/","title":{"rendered":"The battle over Serbia\u2019s lithium"},"content":{"rendered":"<p> [ad_1]<br \/>\n<\/p>\n<div id=\"main-text\">\n<p><span style=\"font-weight: 400;\">After Ana Brnabi\u0107, former Prime Minister of Serbia, issued a statement on 20 January 2022, it seemed that the country\u2019s story of lithium exploitation was over. \u2018The regulation on the spatial plan for the Jadar project \u2026 has been repealed. We never had contracts,\u2019 stated Brnabi\u0107. \u2018We have met all the demands of the environmental protests and brought an end to Rio Tinto in the Republic of Serbia.\u2019 But the ensuing calm only lasted until the summer of 2024, when lithium, like a boomerang, returned to public discourse. Lithium exploitation is very much back on the socio-table.\u00a0<\/span><\/p>\n<h2><span style=\"font-weight: 400;\">Beneath the surface<\/span><span style=\"font-weight: 400;\">\u00a0<\/span><\/h2>\n<p><a href=\"https:\/\/www.greeneuropeanjournal.eu\/serbias-lithium-sacrifice-zones-or-opportunity-for-europes-peripheries\/\"><span style=\"font-weight: 400;\">Preparations for lithium extraction in Serbia<\/span><\/a><span style=\"font-weight: 400;\"> became news in 2020, when residents from the western Serbian municipality of Loznica and ecological organisations uncovered multinational Rio Tinto\u2019s intended mining project. While the company\u2019s controversial plans may have officially been stopped in 2022, locals have repeatedly reported that Rio Tinto is <\/span><a href=\"https:\/\/www.tni.org\/en\/article\/open-letter-regarding-rio-tinto-and-the-mining-colony-that-serbia-is-turning-into#:~:text=Of%20course%2C%20in%20addition%20to,the%20spatial%20plan%20in%20Loznica.\"><span style=\"font-weight: 400;\">still purchasing land<\/span><\/a><span style=\"font-weight: 400;\"> and carrying out preparatory work despite losing its work permits. The company has even sponsored sports clubs and cultural events in places near the planned, yet halted, mine. Something is brewing beneath the surface; the project seems only to be temporarily on hold.\u00a0<\/span><\/p>\n<p><span style=\"font-weight: 400;\">Environmental activists and certain supportive political parties, who had demanded a legal ban on the extraction of lithium and boron ores in Gornje Nedeljice, Loznica, clearly wanted to permanently protect local residents. But, before the general elections in April 2022, right-wing Serbian Progressive Party (SNS) politicians \u2013 already in power for a decade \u2013 had pushed the issue under the carpet to avoid any political risk.\u00a0<\/span><\/p>\n<p><span style=\"font-weight: 400;\">When the SNS secured a parliamentary majority, Aleksandar Vu\u010di\u0107 was re-elected as president. The governing party\u2019s authoritative control, favouring nationalist topics spiced with neoliberal economic politics, seemed assured. However, Green representatives entered parliament for the first time and highlighted the lithium issue at an institutional level, raising frequently unanswered questions and demands in parliament. Vu\u010di\u0107 insisted that a great opportunity for development had been missed, while Brnabi\u0107 claimed that Serbia would have to pay large sums in compensation to the multinational company for the cancelled project.\u00a0<\/span><\/p>\n<div id=\"attachment_32372\" style=\"width: 1610px\" class=\"wp-caption alignnone\"><img loading=\"lazy\" loading=\"lazy\" decoding=\"async\" aria-describedby=\"caption-attachment-32372\" class=\"size-full wp-image-32372\" src=\"https:\/\/www.eurozine.com\/wp-content\/uploads\/2025\/01\/Protest_Necete_kopati_Beograd_2024-08-10-19.jpg\" alt=\" CC-BY-4.0\" width=\"1600\" height=\"1053\" srcset=\"https:\/\/www.eurozine.com\/wp-content\/uploads\/2025\/01\/Protest_Necete_kopati_Beograd_2024-08-10-19.jpg 1600w, https:\/\/www.eurozine.com\/wp-content\/uploads\/2025\/01\/Protest_Necete_kopati_Beograd_2024-08-10-19-300x197.jpg 300w, https:\/\/www.eurozine.com\/wp-content\/uploads\/2025\/01\/Protest_Necete_kopati_Beograd_2024-08-10-19-1024x674.jpg 1024w, https:\/\/www.eurozine.com\/wp-content\/uploads\/2025\/01\/Protest_Necete_kopati_Beograd_2024-08-10-19-768x505.jpg 768w, https:\/\/www.eurozine.com\/wp-content\/uploads\/2025\/01\/Protest_Necete_kopati_Beograd_2024-08-10-19-1536x1011.jpg 1536w\" sizes=\"auto, (max-width: 1600px) 100vw, 1600px\"\/><\/p>\n<p id=\"caption-attachment-32372\" class=\"wp-caption-text\">Protest against lithium mining in Belgrade on 10 August 2024. Image by Emilija Knezevic via Wikimedia commons.<\/p>\n<\/div>\n<h2><span style=\"font-weight: 400;\">Snap elections and protests\u00a0<\/span><\/h2>\n<p><span style=\"font-weight: 400;\">Serbian socio-political issues then took a sudden violent turn in the spring of 2023, when two mass shootings, in which 19 children and young people were killed, and 18 others were wounded, occurred just one day apart. The events shook the entire country, sparking mass protests, which disrupted everyday social structures and led to parliamentary, Belgrade city assembly, regional, and some local elections.\u00a0\u00a0<\/span><\/p>\n<p><span style=\"font-weight: 400;\">In December\u2019s snap elections, the pro-European opposition ran together under a \u2018Serbia Against Violence\u2019 banner, achieving the best result for an opposition coalition since 2012, with Radomir Lazovi\u0107, co-president of the Green-Left Front (ZLF), leading the list. Unprecedented allegations of <\/span><a href=\"https:\/\/www.greeneuropeanjournal.eu\/winds-of-change-in-serbia\/\"><span style=\"font-weight: 400;\">vote rigging<\/span><\/a><span style=\"font-weight: 400;\"> also marked the elections, resulting in new protests and a struggle at all levels to contest the results. European Green and Social Democratic parties played a significant role in exposing electoral fraud in Belgrade and nationally. The ensuing political instability lasted until the Belgrade elections were repeated alongside regular local elections in early June 2024. In this rerun, the fragmented opposition, which in part boycotted the elections and campaigned against the opposition that chose to participate, led to poorer results and renewed victory for the SNS.\u00a0<\/span><\/p>\n<p><span style=\"font-weight: 400;\">Once the elections were over, the issue of lithium mining resurfaced. According to <\/span><a href=\"https:\/\/www.birodi.rs\/pregled-medijskih-priloga-u-kojima-se-pominju-reci-koje-u-osnovi-imaju-litijum-u-jutarnjim-programima-pink-prva-i-happy-i-politickim-emisijama-tv-sa-nacionalnim-pokrivanjem\/\"><span style=\"font-weight: 400;\">data <\/span><\/a><span style=\"font-weight: 400;\">from the Bureau for Social Research (BIRODI) monitoring the media, lithium mining was mentioned only 37 times in national broadcasts in May 2024, 330 times in June, and 1,045 times in July. Most of these segments were favourably oriented towards lithium extraction, even though public opinion remained over 50 per cent opposed. During this period, state officials primarily acted as PR agents, loudly promoting the supposed positive aspects of lithium mining in Serbia.\u00a0<\/span><\/p>\n<p><span style=\"font-weight: 400;\">The government\u2019s position sparked public outrage. During the summer, a series of mostly self-organised protests spread across Serbia. The call to action rose in Loznica, the city closest to the planned mine, then expanded to nearly every city in Serbia, culminating in Belgrade, where in mid-August, during a heat wave at the height of the holiday season, <\/span><a href=\"https:\/\/www.euronews.com\/2024\/08\/11\/tens-of-thousands-protest-in-belgrade-against-proposed-lithium-mining-in-serbia\"><span style=\"font-weight: 400;\">tens of thousands of people gathered<\/span><\/a><span style=\"font-weight: 400;\">. The slogan of these protests and the entire movement, <\/span><i><span style=\"font-weight: 400;\">Ne\u0107e\u0161 kopati<\/span><\/i><span style=\"font-weight: 400;\"> (\u2018you won\u2019t dig\u2019), became widespread. Chants could be heard at parliament, sporting events, concerts, and other mass gatherings.\u00a0<\/span><\/p>\n<p><span style=\"font-weight: 400;\">Simultaneously, Rio Tinto became increasingly present in the public sphere through media responses to activists, hiring lobbyists, and receiving support from within ruling political parties. It became clear that the lithium exploitation project was back in full force in July 2024, when the Constitutional Court overturned the Serbian government\u2019s decision to halt the Jadar project, stating that it was \u2018<\/span><a href=\"https:\/\/www.reuters.com\/markets\/commodities\/serbian-court-rules-govt-decision-revoke-lithium-project-permit-unconstitutional-2024-07-11\/\"><span style=\"font-weight: 400;\">not in accordance with the Constitution and the law<\/span><\/a><span style=\"font-weight: 400;\">\u2018.\u00a0<\/span><\/p>\n<p><span style=\"font-weight: 400;\">After the decision, Biljana \u0110or\u0111evi\u0107, member of parliament and co-president of the ZLF, publicly raised a <\/span><a href=\"https:\/\/www.youtube.com\/watch?v=d1hpmgGEPcc&amp;ab_channel=Zeleno-levifront\"><span style=\"font-weight: 400;\">question<\/span><\/a><span style=\"font-weight: 400;\">: \u2018Is former Prime Minister Ana Brnabi\u0107 just incompetent for drafting an unconstitutional regulation on ending the Jadar project and thereby exposing the state to a potential lawsuit, or is she merely a corrupt lobbyist for Rio Tinto?\u2019\u00a0<\/span><\/p>\n<h2><span style=\"font-weight: 400;\">The EU and German Greens\u00a0<\/span><\/h2>\n<p><span style=\"font-weight: 400;\">On 19 July 2024, just days after the Constitutional Court\u2019s ruling, a German and European Commission delegation visited Belgrade: Chancellor Olaf Scholz; State Secretary for Economic Affairs and Climate Action and Green member of the Bundestag, Franziska Brantner; European Commission Vice President for the Energy Union, Maro\u0161 \u0160ef\u010dovi\u010d; and German industrialists. Their summer visit realised a Memorandum of Understanding (MoU) launching <\/span><a href=\"https:\/\/ec.europa.eu\/commission\/presscorner\/detail\/en\/ip_24_3922\"><span style=\"font-weight: 400;\">a Strategic Partnership between the Republic of Serbia and the European Union<\/span><\/a><span style=\"font-weight: 400;\"> on sustainable raw materials, battery value chains, and electric vehicles. In other words, Serbia has lithium reserves that are useful to the German car industry. This aligned with the <\/span><a href=\"https:\/\/ec.europa.eu\/commission\/presscorner\/detail\/en\/ip_23_1661\"><span style=\"font-weight: 400;\">European Critical Raw Materials Act<\/span><\/a><span style=\"font-weight: 400;\">, which aims to shorten the supply and processing chains of materials such as lithium for the net zero industry.\u00a0<\/span><\/p>\n<p><span style=\"font-weight: 400;\">Contesting the Serbian government on democracy, media freedom, the rule of law, its relations with Kosovo, and issues with other neighbouring countries appears to have slipped for the sake of accessing lithium. Despite a change in Germany\u2019s ruling coalition since the last German Chancellor\u2019s visit to Serbia, the goals remain the same. Scholz wants the same lithium that Angela Merkel wanted on <\/span><a href=\"https:\/\/balkangreenenergynews.com\/merkel-germany-is-interested-in-serbias-lithium\/\"><span style=\"font-weight: 400;\">her last international visit<\/span><\/a><span style=\"font-weight: 400;\"> and is willing to legitimise Serbia\u2019s autocratic regime to do so.\u00a0<\/span><\/p>\n<p><span style=\"font-weight: 400;\">At a joint press conference, President Vu\u010di\u0107 mentioned his <\/span><a href=\"https:\/\/europeanwesternbalkans.com\/2024\/07\/19\/eu-and-serbia-sign-a-memorandum-on-raw-materials-with-lithium-mine-in-sight\/\"><span style=\"font-weight: 400;\">joint guarantee on environmental protection<\/span><\/a><span style=\"font-weight: 400;\"> with Franziska Brantner. However, this constructive cooperation is in effect an attempt to shift responsibility for any potential environmental degradation from himself to Germany, especially to the German Greens. While Vu\u010di\u0107 knows full well that only the Serbian state can determine that the project will meet the highest environmental standards, he still chooses to delegate responsibility. Vu\u010di\u0107\u2019s corroborative tone sends a clear message: he might not like the German Greens, but he considers them reasonable, unlike domestic Greens opposing such a \u2018great\u2019 project. This strategy legitimizes the president while attempting to marginalize local green actors.\u00a0<\/span><\/p>\n<p><span style=\"font-weight: 400;\">Rather than supporting Serbians, who are largely against lithium mining, as illustrated by their protests and blockades, Brantner and the German Green Party are taking the opposite stance. It is not a stance that proposes how the citizens of Serbia could resolve this issue internally without external pressure but rather one focused on insistently pursuing lithium for the decarbonization of a foreign car industry. It appears geopolitics has once again prevailed over ideals, and the priority is to secure Serbia\u2019s lithium before China or Russia. As <\/span><a href=\"https:\/\/taz.de\/Staatssekretaerin-ueber-Lithium\/!6026645\/\"><span style=\"font-weight: 400;\">Brantner states<\/span><\/a><span style=\"font-weight: 400;\">: \u2018It\u2019s not a question of \u2018whether the project will happen\u2019, but \u2018whether Rio Tinto\u2019s project will be carried out with European partners or the Chinese\u2019. I don\u2019t believe a Chinese-Serbian partnership would be better for democracy, the environment, and the local population. However, Brantner\u2019s perspective overlooks how Serbian institutions are completely undermined: there is no rule of law or democracy. In such conditions, the decision on lithium mining would be forcibly imposed.\u00a0<\/span><\/p>\n<p><span style=\"font-weight: 400;\">As a result, Serbian citizens opposing lithium mining perceive the German Green Party as a malignant force seeking to harm them. They fear that Serbia could become a sacrificial zone for the European green transition. If this pressure continues, it raises the question of how long it will take for Serbia and progressive political actors to recover. <\/span><a href=\"https:\/\/europeanwesternbalkans.com\/2024\/05\/16\/iri-poll-most-western-balkan-countries-support-eu-membership-but-many-citizens-are-sceptical-of-eus-seriousness\/\"><span style=\"font-weight: 400;\">Support for joining<\/span><\/a><span style=\"font-weight: 400;\"> the European Union would likely continue to decline, even though it is already the lowest of all countries negotiating for or in the process of joining the EU.\u00a0<\/span><\/p>\n<p><span style=\"font-weight: 400;\">Serbian right-wing narratives that equate the EU-backed exploitation of lithium with the \u2018stealing\u2019 of Kosovo or Bosnia\u2019s Serbian entity, Republika Srpska, by foreign powers will continue to strengthen. Scholz and Brantner\u2019s visit only seems to benefit Vu\u010di\u0107 and the right-wing opposition, which the president already heavily influences. Serbia\u2019s few progressive actors are left in a worsening position, having to explain how they can oppose lithium exploitation while still supporting EU accession, given the EU\u2019s unethical pursuit of lithium.\u00a0<\/span><\/p>\n<p><span style=\"font-weight: 400;\">The ZLF, a party on the verge of joining the European Green Party (EGP), has undertaken various international activities to show Serbian citizens that European politics is neither homogeneous nor monolithic. Many parties, organisations, and individuals oppose the planned lithium mining in Serbia. The EGP is the first pan-European party to issue <\/span><a href=\"https:\/\/europeangreens.eu\/news\/european-greens-stand-in-solidarity-with-people-in-serbia-opposing-the-rio-tinto\/\"><span style=\"font-weight: 400;\">statements<\/span><\/a><span style=\"font-weight: 400;\"> that clearly oppose the project. Croatia\u2019s left-wing Green party, Mo\u017eemo, supports Serbian citizens in their struggle, fostering regional cooperation that contrasts with the dominant nationalist narratives in both countries.\u00a0<\/span><\/p>\n<p><span style=\"font-weight: 400;\">Local activists receive support from experts, politicians, and their counterparts in countries from Portugal to Georgia. International backing is essential for broadening the movement against an activity that threatens environmental degradation. \u200b\ufffc\u200bThe development paradigm pushing for a new wave of extractivism and greenwashing neo-imperialism has to change.\u00a0<\/span><\/p>\n<h2><span style=\"font-weight: 400;\">What\u2019s next?\u00a0<\/span><\/h2>\n<p><span style=\"font-weight: 400;\">United opposition parties in the Serbian parliament jointly submitted a proposal to amend the mining law, which would impose a long-term ban on the exploration and mining of lithium and boron ore throughout the country. This proposal represents another attempt to prevent the lithium extraction project in western Serbia through institutional means. While opposition members of parliament point out environmental, economic, social, and other risks, the ruling party argues that such amendments would destroy the mining industry, even though there are currently no active boron or lithium mines in Serbia. Other arguments suggest that this proposal would halt economic growth, as Serbia would have to pay compensation to Rio Tinto. The blame is often shifted onto the opposition for introducing the company to Serbia in the early 2000s, despite many current members of parliament having been at school or just starting university at the time.<\/span><\/p>\n<p><span style=\"font-weight: 400;\">Rather than political dialogue, the SNS is calling for expert analysis. However, local residents of western Serbia, activists, and politicians who oppose the project emphasise that the time for analysis is over; they have been appealing for in-depth assessments for years, with the company and government representatives avoiding accountability. After a four-day parliamentary debate in October 2024, which eventually culminated in a ballot rather than a public roll call vote, the proposal to ban the exploration and mining of lithium and boron was rejected: 128 votes against, 84 in favour.\u00a0<\/span><\/p>\n<p><span style=\"font-weight: 400;\">It is expected that the ruling party, with the help of its media and institutions, will now work on further damage control and diluting the debate. Their argument asserts that there is still time before the potential construction of the mine. They declare that experts should exclusively make the decision, while simultaneously discrediting numerous experts who oppose the project. In the meantime, as institutional mechanisms are yielding no results, local residents, activists, and other anti-mine actors are gradually preparing for further counteraction. Plans for new protests and blockades are being announced despite increasingly repressive state control \u2013 over 40 activists were brought in for questioning or arrested during the summer for their role in calling for resistance to the lithium mining project.\u00a0<\/span><\/p>\n<p><span style=\"font-weight: 400;\">It seems that \u2018lithium\u2019 will continue to be <\/span><i><span style=\"font-weight: 400;\">the word<\/span><\/i><span style=\"font-weight: 400;\"> in Serbian society in the upcoming period. Besides uniting the country\u2019s rather heterogeneous activist and political scene, discussions about lithium mining could also focus debate on what kind of society Serbians want to live in, what their real needs are, and what a just energy and social transition should look like. <\/span><\/p>\n<\/p><\/div>\n<p>[ad_2]<br \/>\n<br \/><a href=\"https:\/\/www.eurozine.com\/the-battle-over-serbias-lithium\/?utm_source=rss&#038;utm_medium=rss&#038;utm_campaign=the-battle-over-serbias-lithium\">Source link <\/a><\/p>\n","protected":false},"excerpt":{"rendered":"<p>[ad_1] After Ana Brnabi\u0107, former Prime Minister of Serbia, issued a statement on 20 January 2022, it seemed that the country\u2019s story of lithium exploitation<\/p>\n","protected":false},"author":1,"featured_media":278648,"comment_status":"closed","ping_status":"closed","sticky":false,"template":"","format":"standard","meta":{"_monsterinsights_skip_tracking":false,"_uf_show_specific_survey":0,"_uf_disable_surveys":false,"footnotes":""},"categories":[154],"tags":[],"_links":{"self":[{"href":"https:\/\/michigandigitalnews.com\/index.php\/wp-json\/wp\/v2\/posts\/278647"}],"collection":[{"href":"https:\/\/michigandigitalnews.com\/index.php\/wp-json\/wp\/v2\/posts"}],"about":[{"href":"https:\/\/michigandigitalnews.com\/index.php\/wp-json\/wp\/v2\/types\/post"}],"author":[{"embeddable":true,"href":"https:\/\/michigandigitalnews.com\/index.php\/wp-json\/wp\/v2\/users\/1"}],"replies":[{"embeddable":true,"href":"https:\/\/michigandigitalnews.com\/index.php\/wp-json\/wp\/v2\/comments?post=278647"}],"version-history":[{"count":0,"href":"https:\/\/michigandigitalnews.com\/index.php\/wp-json\/wp\/v2\/posts\/278647\/revisions"}],"wp:featuredmedia":[{"embeddable":true,"href":"https:\/\/michigandigitalnews.com\/index.php\/wp-json\/wp\/v2\/media\/278648"}],"wp:attachment":[{"href":"https:\/\/michigandigitalnews.com\/index.php\/wp-json\/wp\/v2\/media?parent=278647"}],"wp:term":[{"taxonomy":"category","embeddable":true,"href":"https:\/\/michigandigitalnews.com\/index.php\/wp-json\/wp\/v2\/categories?post=278647"},{"taxonomy":"post_tag","embeddable":true,"href":"https:\/\/michigandigitalnews.com\/index.php\/wp-json\/wp\/v2\/tags?post=278647"}],"curies":[{"name":"wp","href":"https:\/\/api.w.org\/{rel}","templated":true}]}}