{"id":263418,"date":"2024-10-29T16:59:41","date_gmt":"2024-10-29T16:59:41","guid":{"rendered":"https:\/\/michigandigitalnews.com\/index.php\/2024\/10\/29\/who-is-joaquim-valente-5-things-about-gisele-bundchens-boyfriend-hollywood-life\/"},"modified":"2025-06-25T17:10:41","modified_gmt":"2025-06-25T17:10:41","slug":"who-is-joaquim-valente-5-things-about-gisele-bundchens-boyfriend-hollywood-life","status":"publish","type":"post","link":"https:\/\/michigandigitalnews.com\/index.php\/2024\/10\/29\/who-is-joaquim-valente-5-things-about-gisele-bundchens-boyfriend-hollywood-life\/","title":{"rendered":"Who Is Joaquim Valente? 5 Things About Gisele Bundchen\u2019s Boyfriend \u2013 Hollywood Life"},"content":{"rendered":"<p> [ad_1]<br \/>\n<\/p>\n<div>\n<figure class=\"entry-media edge-to-edge entry-media--lead-gallery\" aria-describedby=\"lead-image-credit\">\n\t\t\t\t\t\t\t\t\t\t\t<a id=\"lead-gallery-link-featured\" class=\"entry-media__image entry-media__image-0\" href=\"https:\/\/hollywoodlife.com\/pics\/gisele-bundchen-after-tom-brady-divorce-photos\/\" data-analytics-trigger=\"lead-gallery-link\"><\/p>\n<div class=\"image-wrapper image-wrapper--widescreen\">\n\t\t\t\t\t\t\t\t<img fetchpriority=\"high\" width=\"384\" height=\"216\" src=\"https:\/\/hollywoodlife.com\/wp-content\/uploads\/2024\/02\/GettyImages-2161756921-e1730217113673.jpg?resize=384%2C216\" class=\"attachment-hl-384x216-tc size-hl-384x216-tc\" alt=\"SURFSIDE, FL - JULY 14: Joaquim Valente and Gisele B\u00fcndchen are seen on a bike ride on July 14, 2024 in Surfside, Florida. (Photo by MEGA\/GC Images)\" loading=\"\" srcset=\"https:\/\/hollywoodlife.com\/wp-content\/uploads\/2024\/02\/GettyImages-2161756921-e1730217113673.jpg?resize=384%2C216 384w, https:\/\/hollywoodlife.com\/wp-content\/uploads\/2024\/02\/GettyImages-2161756921-e1730217113673.jpg?resize=768%2C432 768w, https:\/\/hollywoodlife.com\/wp-content\/uploads\/2024\/02\/GettyImages-2161756921-e1730217113673.jpg?resize=1536%2C864 1536w\" sizes=\"(max-width: 768px) 100vw, 670px\" decoding=\"async\" fetchpriority=\"high\"\/>\t\t\t\t\t\t\t<\/div>\n<p>\t\t\t\t\t\t\t<span class=\"entry-media__cta\"><br \/>\n\t\t\t\t\t\t\t\t<span class=\"entry-media__cta-icon\"><svg xmlns=\"http:\/\/www.w3.org\/2000\/svg\" fill=\"none\" focusable=\"false\" aria-hidden=\"true\" viewbox=\"0 0 21 18\">\n\t<path fill=\"#fff\" d=\"M4.807.867h15.401v12.101h-2.2v2.2h-2.2v2.2H.406v-12.1h2.2V3.066h2.2v-2.2Zm14.301 11.001V1.967H5.907v9.901h13.201Zm-2.2 2.2v-1.1H4.807v-8.8h-1.1v9.9h13.2ZM7.007 3.067h11.001v7.7H7.007v-7.7Zm7.7 13.201v-1.1h-12.1v-8.8h-1.1v9.9h13.2Z\"\/>\n<\/svg><br \/>\n<\/span><br \/>\n\t\t\t\t\t\t\t\tView gallery\t\t\t\t\t\t\t<\/span><br \/>\n\t\t\t\t\t\t<\/a><br \/>\n\t\t\t\t\t\t\t\t\t\t\t\t\t\t<a id=\"lead-gallery-link-thumb-1\" class=\"entry-media__image entry-media__image-1\" href=\"https:\/\/hollywoodlife.com\/pics\/gisele-bundchen-after-tom-brady-divorce-photos\/#!1\/gisele-bundchen-arrives-on-the-red-carpet-at-a-vivara-event-before-leaving-through-the-emergency-exit-in-sao-paulo-brazil-5\" data-analytics-trigger=\"lead-gallery-link\"><\/p>\n<div class=\"image-wrapper image-wrapper--square image-wrapper--has-gallery-icon\">\n\t\t\t\t\t\t\t\t\t<img loading=\"lazy\" width=\"299\" height=\"440\" src=\"https:\/\/hollywoodlife.com\/wp-content\/uploads\/2022\/12\/gisele-bundchen-best-looks-since-split-2.jpg.jpg?fit=299%2C440\" class=\"attachment-440x440 size-440x440\" alt=\"Model Gisele Bundchen arrives at lavish Vivara Event on the Red carpet before exiting through the emergency exit in Sao Paulo, Brazil.&#13;&#13;Pictured: Gisele Bundchen&#13;Ref: SPL5509576 121222 NON-EXCLUSIVE&#13;Picture by: SplashNews.com&#13;&#13;Splash News and Pictures&#13;USA: +1 310-525-5808&#13;London: +44 (0)20 8126 1009&#13;Berlin: +49 175 3764 166&#13;photodesk@splashnews.com&#13;&#13;World Rights\" loading=\"lazy\" decoding=\"async\"\/>\t\t\t\t\t\t\t\t\t<span class=\"image-wrapper__icon\"><svg xmlns=\"http:\/\/www.w3.org\/2000\/svg\" fill=\"none\" viewbox=\"0 0 26 27\">\n\t<path fill=\"#fff\" fill-opacity=\".5\" d=\"M0 .694h25.744v25.95H0z\"\/>\n\t<path fill=\"#252525\" fill-rule=\"evenodd\" d=\"M10.803 15.84a.5.5 0 0 0-.707 0L6 19.937V17.17a.5.5 0 0 0-1 0v3.974a.5.5 0 0 0 .5.5h3.975a.5.5 0 1 0 0-1H6.707l4.096-4.096a.5.5 0 0 0 0-.707Zm4.344-4.344a.5.5 0 0 0 .707 0l4.096-4.095v2.768a.5.5 0 0 0 1 0V6.194a.5.5 0 0 0-.5-.5h-3.975a.5.5 0 0 0 0 1h2.768l-4.096 4.096a.5.5 0 0 0 0 .707Z\" clip-rule=\"evenodd\"\/>\n<\/svg><br \/>\n<\/span>\n\t\t\t\t\t\t\t\t<\/div>\n<p>\t\t\t\t\t\t\t<\/a><br \/>\n\t\t\t\t\t\t\t\t\t\t\t\t\t\t\t<a id=\"lead-gallery-link-thumb-2\" class=\"entry-media__image entry-media__image-2\" href=\"https:\/\/hollywoodlife.com\/pics\/gisele-bundchen-after-tom-brady-divorce-photos\/#!2\/exclusive-gisele-bundchen-exits-her-hotel-and-catches-a-flight-out-of-new-york\" data-analytics-trigger=\"lead-gallery-link\"><\/p>\n<div class=\"image-wrapper image-wrapper--square image-wrapper--has-gallery-icon\">\n\t\t\t\t\t\t\t\t\t<img loading=\"lazy\" width=\"293\" height=\"440\" src=\"https:\/\/hollywoodlife.com\/wp-content\/uploads\/2022\/12\/gisele-bundchen-nyc-black-jumpsuit-backgrid-01.jpg?fit=293%2C440\" class=\"attachment-440x440 size-440x440\" alt=\"New York, NY  - *EXCLUSIVE*  - Gisele B\u00fcndchen spotted leaving her hotel this afternoon and catching a flight out of New York after a short stay.&#13;&#13;Pictured: Gisele B\u00fcndchen&#13;&#13;BACKGRID USA 12 APRIL 2023 &#13;&#13;BYLINE MUST READ: BlayzenPhotos \/ BACKGRID&#13;&#13;USA: +1 310 798 9111 \/ usasales@backgrid.com&#13;&#13;UK: +44 208 344 2007 \/ uksales@backgrid.com&#13;&#13;*UK Clients - Pictures Containing Children&#13;Please Pixelate Face Prior To Publication*\" loading=\"lazy\" decoding=\"async\"\/>\t\t\t\t\t\t\t\t\t<span class=\"image-wrapper__icon\"><svg xmlns=\"http:\/\/www.w3.org\/2000\/svg\" fill=\"none\" viewbox=\"0 0 26 27\">\n\t<path fill=\"#fff\" fill-opacity=\".5\" d=\"M0 .694h25.744v25.95H0z\"\/>\n\t<path fill=\"#252525\" fill-rule=\"evenodd\" d=\"M10.803 15.84a.5.5 0 0 0-.707 0L6 19.937V17.17a.5.5 0 0 0-1 0v3.974a.5.5 0 0 0 .5.5h3.975a.5.5 0 1 0 0-1H6.707l4.096-4.096a.5.5 0 0 0 0-.707Zm4.344-4.344a.5.5 0 0 0 .707 0l4.096-4.095v2.768a.5.5 0 0 0 1 0V6.194a.5.5 0 0 0-.5-.5h-3.975a.5.5 0 0 0 0 1h2.768l-4.096 4.096a.5.5 0 0 0 0 .707Z\" clip-rule=\"evenodd\"\/>\n<\/svg><br \/>\n<\/span>\n\t\t\t\t\t\t\t\t<\/div>\n<p>\t\t\t\t\t\t\t<\/a><br \/>\n\t\t\t\t\t\t\t\t\t\t\t\t\t\t\t<a id=\"lead-gallery-link-thumb-3\" class=\"entry-media__image entry-media__image-3\" href=\"https:\/\/hollywoodlife.com\/pics\/gisele-bundchen-after-tom-brady-divorce-photos\/#!3\/\" data-analytics-trigger=\"lead-gallery-link\"><\/p>\n<p>\t\t\t\t\t\t\t<\/a><figcaption id=\"lead-image-credit\">Image Credit: GC Images<\/figcaption><\/figure>\n<p><!-- .entry-media --><\/p>\n<p id=\"content-paragraph-2\">Congratulations are in order for <strong><a href=\"https:\/\/hollywoodlife.com\/celeb\/gisele-bundchen\/\" data-analytics-trigger=\"article-body-link\">Gisele B\u00fcndchen<\/a><\/strong> and her boyfriend, <a href=\"https:\/\/hollywoodlife.com\/pics\/gisele-bundchen-joaquim-valente-photos\/\" target=\"_blank\" rel=\"noopener\" data-analytics-trigger=\"article-body-link\"><strong>Joaquim Valente<\/strong><\/a>, as they expect their first child together!<\/p>\n<p id=\"content-paragraph-3\">\u201cGisele and Joaquim are happy for this new chapter in their life and are looking forward to creating a peaceful and loving environment for the whole family,\u201d a source close to the model confirmed to <em>PEOPLE<\/em> on Monday, Oct. 28. Their baby will join B\u00fcndchen\u2019s two kids: son <a href=\"https:\/\/hollywoodlife.com\/feature\/tom-bradys-3-kids-children-5341971\/\" target=\"_blank\" rel=\"noopener\" data-analytics-trigger=\"article-body-link\"><strong>Benjamin Rein<\/strong> <\/a>and daughter <a href=\"https:\/\/hollywoodlife.com\/feature\/tom-bradys-3-kids-children-5341971\/\" data-analytics-trigger=\"article-body-link\"><strong>Vivian Lake<\/strong><\/a>, whom she shares with ex-husband <a href=\"https:\/\/hollywoodlife.com\/celeb\/tom-brady\/\" data-analytics-trigger=\"article-body-link\"><strong>Tom\u00a0<\/strong><\/a><span style=\"box-sizing: border-box; margin: 0px; padding: 0px;\"><a href=\"https:\/\/hollywoodlife.com\/celeb\/tom-brady\/\" target=\"_blank\" rel=\"noopener\" data-analytics-trigger=\"article-body-link\"><strong>Brady<\/strong><\/a>.<\/span><\/p>\n<p id=\"content-paragraph-4\">After B\u00fcndchen divorced the former NFL quarterback <span style=\"box-sizing: border-box; margin: 0px; padding: 0px;\">in<\/span> October 2022, she was spotted with Valente that November. Initially, dating rumors emerged, but the couple clarified they were just friends. Their friendship eventually turned romantic, and they began quietly dating in mid-2023. \u201cHe was a huge comfort for Gisele while she went through her divorce,\u201d an insider told the outlet in February. The source also added that B\u00fcndchen and Valente began dating after her divorce was finalized.<\/p>\n<p id=\"content-paragraph-5\">\u201cJoaquim is a great guy,\u201d the source added. \u201cHe is down to earth, kind, and inspiring. Gisele was hesitant about dating after the divorce, but it has felt very natural for her to be with Joaquim.\u201d<\/p>\n<p id=\"content-paragraph-6\">Learn more about Gisele\u2019s new man, below!<\/p>\n<h2>Joaquim Comes From a Family of J\u016bjutsu Practitioners<\/h2>\n<p id=\"content-paragraph-7\">\u201cIn a span of 67 years, three generations of the Valente family practiced j\u016bjutsu under the direct tutelage of legendary grandmaster H\u00e9lio Gracie,\u201d reads the family history section on the <a href=\"https:\/\/valentebrothers.com\/our-story\/\" rel=\"nofollow noopener\" target=\"_blank\" data-analytics-trigger=\"article-body-link\">Valente Brothers\u2019 website<\/a>. \u201cDr. Syllo Valente and his brother, General Eliezer Valente, were the first in the family to discover j\u016bjutsu. A Japanese friend taught the brothers some basic principles of self-defense in the 1920\u2019s. When Carlos and H\u00e9lio Gracie opened their famed Academia Gracie in downtown Rio de Janeiro in 1952, it didn\u2019t take long for the Valentes to enroll.\u201d<\/p>\n<p id=\"content-paragraph-8\">\u201cThe Valente brothers were born into the j\u016bjutsu tradition,\u201d the site lists. \u201cPedro, Gui and Joaquim began learning j\u016bjutsu from their father before they could walk. At the tender age of two, Pedro, Gui and Joaquim were already taking private lessons from Grandmaster H\u00e9lio Gracie. Growing up, the Valente brothers trained daily at the Gracie Academy in Rio de Janeiro under H\u00e9lio, Royler, and Rolker Gracie. Pedro Sr. always wanted his sons to learn j\u016bjutsu as a complete fighting system.\u201d<\/p>\n<p id=\"content-paragraph-9\">Apart from martial arts, Joaquim is also Brazilian, like Gisele. <a href=\"https:\/\/people.com\/gisele-buendchen-and-joaquim-valente-are-dating-source-8597786\" target=\"_blank\" rel=\"noopener\" data-analytics-trigger=\"article-body-link\"><em>PEOPLE<\/em><\/a> reported in February 2024 that their \u201csimilar backgrounds\u201d is one quality the model appreciates.<\/p>\n<p id=\"content-paragraph-10\">\u201cThey both left Brazil very young,\u201d a source told the outlet. \u201cThey have both created amazing lives for themselves in the U.S. They both love Miami but also enjoy traveling. They both enjoy healthy living. Gisele\u2019s in a great space. She is happy and very much enjoying life. Joaquim is perfect for her.\u201d<\/p>\n<h2>He Is Well Educated<\/h2>\n<p id=\"content-paragraph-11\">\u201cThe youngest of the Valente Brothers, Joaquim, moved to Miami in 2007 to study criminology at Barry University,\u201d reads the family website. A <a href=\"https:\/\/www.linkedin.com\/in\/joaquim-valente-97a4bb20\/\" target=\"_blank\" data-analytics-trigger=\"article-body-link\" rel=\"noopener\">LinkedIn<\/a> page attributed to Joaquim lists that he attended Barry University from 2007 to 2011. While studying, Joaquim studied with Grand Master H\u00e9lio Gracie.<\/p>\n<p id=\"content-paragraph-12\">\u201cIn 2007 Joaquim also received the Professors\u2019 Diploma from Grandmaster H\u00e9lio Gracie,\u201d the family\u2019s website listed. \u201cThis was a great accomplishment and honor for the brothers in light of the fact that in 75 years only 27 people received this diploma from Grandmaster H\u00e9lio Gracie.\u201d<\/p>\n<h2>Joaquim Lives in Miami<\/h2>\n<p id=\"content-paragraph-13\">Joaquim\u2019s LinkedIn profile lists that he\u2019s based out of Miami Beach, Florida. Gisele has been living in Florida since Tom signed with the Tampa Bay Buccaneers in 2020. In late February 2024, a source told <a href=\"https:\/\/pagesix.com\/2024\/02\/27\/celebrity-news\/gisele-bundchen-boyfriend-joaquim-valente-get-even-closer\/\" rel=\"nofollow noopener\" target=\"_blank\" data-analytics-trigger=\"article-body-link\"><em>Page Six<\/em><\/a> that he was spending most nights at her Miami home since her mom, <strong>Vania Nonnenmacher<\/strong>, sadly passed away at the end of January 2024 and had become her \u201crock.\u201d The source also said they have been showing off more PDA. \u201cThey were keeping things quiet \u2014 but recently there\u2019s been more PDA; they\u2019re happy to be affectionate with each other in public,\u201d the source also told the outlet.<\/p>\n<figure id=\"attachment_4898546\" aria-describedby=\"caption-attachment-4898546\" style=\"width: 620px\" class=\"wp-caption alignnone\"><img decoding=\"async\" class=\"size-full wp-image-4898546\" src=\"https:\/\/hollywoodlife.com\/wp-content\/uploads\/2022\/11\/Gisele-Bundchen-Joaquim-Valente-date-5-things-shutter-embed-2-1.jpg?resize=620%2C969\" alt=\"\" width=\"620\" height=\"969\" data-recalc-dims=\"1\"\/><figcaption id=\"caption-attachment-4898546\" class=\"wp-caption-text\">Tom and Gisele at the 2018 Met Gala (Shutterstock)<\/figcaption><\/figure>\n<h2>He &amp; Gisele Were Initially \u2018Great Friends\u2019<\/h2>\n<p id=\"content-paragraph-14\">Gisele knows Brazilian j\u016bjutsu \u2013 who knew? In fact, she has sparred with Joaquim. In a video that she <a href=\"https:\/\/www.instagram.com\/p\/CaUpSVGDGa7\/\" target=\"_blank\" data-analytics-trigger=\"article-body-link\" rel=\"noopener\">posted to her Instagram<\/a>, Gisele showed her fans that she clearly knew a thing or two about the sport. She gave a preview of her skills while shouting out the Valente facility in Miami. \u201cI believe the more tools we have in our toolbox the better. I feel stronger, more confident, and empowered since I started practicing self-defense,\u201d she wrote on <a href=\"https:\/\/www.instagram.com\/reel\/CaUpSVGDGa7\/\" target=\"_blank\" data-analytics-trigger=\"article-body-link\" rel=\"noopener\">Instagram<\/a>. I feel it\u2019s an important skill for all, but especially for us women. Thank you @ValenteBrothers for being awesome teachers and for making training so much fun. I am looking forward to keep improving. Let\u2019s go!\u201d<\/p>\n<p id=\"content-paragraph-15\">The duo has kept their romance super low-key, but <a href=\"https:\/\/people.com\/gisele-buendchen-and-joaquim-valente-are-dating-source-8597786\" target=\"_blank\" rel=\"noopener\" data-analytics-trigger=\"article-body-link\"><em>PEOPLE<\/em><\/a> reported more details about their relationship in February 2024.<\/p>\n<p id=\"content-paragraph-16\">\u201cThey have been dating since June [2023],\u201d an insider told the publication. \u201cThey\u2019re taking it slow. They started out as great friends first. She\u2019s very private about this and wanted to keep it quiet while they got to know each other.\u201d<\/p>\n<blockquote class=\"instagram-media\" data-instgrm-captioned=\"\" data-instgrm-permalink=\"https:\/\/www.instagram.com\/reel\/CaUpSVGDGa7\/?utm_source=ig_embed&amp;utm_campaign=loading\" data-instgrm-version=\"14\" style=\" background:#FFF; border:0; border-radius:3px; box-shadow:0 0 1px 0 rgba(0,0,0,0.5),0 1px 10px 0 rgba(0,0,0,0.15); margin: 1px; max-width:500px; min-width:326px; padding:0; width:99.375%; width:-webkit-calc(100% - 2px); width:calc(100% - 2px);\">\n<\/blockquote>\n<h2>He\u2019s Been Teaching Gisele &amp; Her Kids Martial Arts<\/h2>\n<p id=\"content-paragraph-19\">\u201cI have always been a seeker and curious person who always wants to dive deeper,\u201d Gisele said in a feature in <em><a href=\"https:\/\/www.instagram.com\/p\/CkyOIiwLA-j\/\" target=\"_blank\" data-analytics-trigger=\"article-body-link\" rel=\"noopener\">Dust magazine<\/a><\/em> that saw her practice a few throws and poses while dressed in some major glam. \u201cIt\u2019s actually because of my son that I met Joaquim. I have a friend who told me about the Valent brothers and their martial art school, and since I wanted to steer my almost teenage son in the right direction, I thought he might be interested in it. \u201c<\/p>\n<p id=\"content-paragraph-20\">\u201cInitially, I wasn\u2019t even considering it for myself, to be honest with you,\u201d said Gisele. \u201cBut, when I bought [Ben] into the first class, and started talking with Joaquim, I realized it was much more than self-defense,\u201d Gisele said that her daughter, Vivienne, also got into j\u016bjutsu.\u201d<\/p>\n<p><!-- CONTENT END 1 -->\n\t\t<\/div>\n<p><script async src=\"\/\/www.instagram.com\/embed.js\"><\/script><br \/>\n<br \/>[ad_2]<br \/>\n<br \/><a href=\"https:\/\/hollywoodlife.com\/feature\/who-is-joaquim-valente-gisele-bundchen-boyfriend-4898537\/\">Source link <\/a><\/p>\n","protected":false},"excerpt":{"rendered":"<p>[ad_1] View gallery Image Credit: GC Images Congratulations are in order for Gisele B\u00fcndchen and her boyfriend, Joaquim Valente, as they expect their first child<\/p>\n","protected":false},"author":1,"featured_media":263419,"comment_status":"closed","ping_status":"closed","sticky":false,"template":"","format":"standard","meta":{"_monsterinsights_skip_tracking":false,"_monsterinsights_sitenote_active":false,"_monsterinsights_sitenote_note":"","_monsterinsights_sitenote_category":0,"_uf_show_specific_survey":0,"_uf_disable_surveys":false,"footnotes":""},"categories":[156],"tags":[],"_links":{"self":[{"href":"https:\/\/michigandigitalnews.com\/index.php\/wp-json\/wp\/v2\/posts\/263418"}],"collection":[{"href":"https:\/\/michigandigitalnews.com\/index.php\/wp-json\/wp\/v2\/posts"}],"about":[{"href":"https:\/\/michigandigitalnews.com\/index.php\/wp-json\/wp\/v2\/types\/post"}],"author":[{"embeddable":true,"href":"https:\/\/michigandigitalnews.com\/index.php\/wp-json\/wp\/v2\/users\/1"}],"replies":[{"embeddable":true,"href":"https:\/\/michigandigitalnews.com\/index.php\/wp-json\/wp\/v2\/comments?post=263418"}],"version-history":[{"count":0,"href":"https:\/\/michigandigitalnews.com\/index.php\/wp-json\/wp\/v2\/posts\/263418\/revisions"}],"wp:featuredmedia":[{"embeddable":true,"href":"https:\/\/michigandigitalnews.com\/index.php\/wp-json\/wp\/v2\/media\/263419"}],"wp:attachment":[{"href":"https:\/\/michigandigitalnews.com\/index.php\/wp-json\/wp\/v2\/media?parent=263418"}],"wp:term":[{"taxonomy":"category","embeddable":true,"href":"https:\/\/michigandigitalnews.com\/index.php\/wp-json\/wp\/v2\/categories?post=263418"},{"taxonomy":"post_tag","embeddable":true,"href":"https:\/\/michigandigitalnews.com\/index.php\/wp-json\/wp\/v2\/tags?post=263418"}],"curies":[{"name":"wp","href":"https:\/\/api.w.org\/{rel}","templated":true}]}}