{"id":222873,"date":"2024-04-11T15:17:22","date_gmt":"2024-04-11T15:17:22","guid":{"rendered":"https:\/\/michigandigitalnews.com\/index.php\/2024\/04\/11\/warehousing-children-eurozine\/"},"modified":"2025-06-25T17:18:47","modified_gmt":"2025-06-25T17:18:47","slug":"warehousing-children-eurozine","status":"publish","type":"post","link":"https:\/\/michigandigitalnews.com\/index.php\/2024\/04\/11\/warehousing-children-eurozine\/","title":{"rendered":"Warehousing children | Eurozine"},"content":{"rendered":"<p> [ad_1]<br \/>\n<\/p>\n<div id=\"main-text\">\n<p><iframe title=\"Warehousing children: Standard Time talk show S1E17\" width=\"1200\" height=\"675\" src=\"https:\/\/www.youtube.com\/embed\/lVDomhvoah4?feature=oembed\" frameborder=\"0\" allow=\"accelerometer; autoplay; clipboard-write; encrypted-media; gyroscope; picture-in-picture; web-share\" referrerpolicy=\"strict-origin-when-cross-origin\" allowfullscreen><\/iframe><\/p>\n<p><span style=\"font-weight: 400;\">From the public school superpower Finland to arch-capitalist Britain, education varies widely across Europe. Across this spectrum, one factor remains constant: early childhood education constitutes a necessity for most families, as it defines the future of their children\u2019s academic careers.\u00a0<\/span><\/p>\n<p><span style=\"font-weight: 400;\">What we recognize today as nurseries and kindergartens originate from early 19th-century experiments: Robert Owen\u2019s Infants\u2019 School in Scotland opened in 1816, while Ter\u00e9z Brunszvik championed \u2018angel gardens\u2019 in Hungary beginning in 1828. The term \u2018kindergarten\u2019 \u2013 meaning children\u2019s garden, can be credited to Friedrich Fr\u00f6bel, a German pedagogue who founded the concept in 1840. The idea soon crossed oceans: the first public-school kindergarten opened in the 1870s in St. Louis, USA, and by 1880, there were over 400 kindergartens in 30 US states.\u00a0<\/span><\/p>\n<p><span style=\"font-weight: 400;\">Today, this professional field serves a complex function, integrating children of varying abilities and backgrounds, experimenting with methodologies, and enabling working families to even exist. Aside from making plenty of macaroni art, these institutions develop skills, support children\u2019s personal development and socialization, integrate minorities, teach language manners, as well as foster intellectual and emotional growth.\u00a0<\/span><\/p>\n<p><span style=\"font-weight: 400;\">But it\u2019s not all rainbows and unicorns in the early education realm; across Europe, many countries have been continually reducing their spending on education since the 1990s, consequently putting strains on professionals and making the cost of childcare a significant burden. Additionally, early education for migrant and refugee children is something that needs to be tackled, following especially the 2015 \u2018crisis\u2019 and more recently the war in Ukraine. <\/span><a href=\"https:\/\/www.ecorys.com\/case-studies\/monitoring-the-provision-of-early-childhood-and-care-ecec-services-for-ukrainian-refugee-children-and-their-families-in-europe\/\"><span style=\"font-weight: 400;\">While the EU<\/span><\/a><span style=\"font-weight: 400;\"> was arguably better prepared for the former in terms of providing care and education, it has had to find ways to adjust to the latter group more quickly, with challenges still arising for both.\u00a0<\/span><\/p>\n<p><span style=\"font-weight: 400;\">Early childhood education plays a tremendous part in supporting families and children\u2019s development. They are a cornerstone of society, and in many places across the continent, they need more support than they currently have.\u00a0<\/span><\/p>\n<h3><b>Today\u2019s guests<\/b><\/h3>\n<p><span style=\"font-weight: 400;\">Vikt\u00f3ria Sz\u00fccs is the president of the\u00a0 Democratic Trade Union of Cr\u00e8che Employees in Hungary. She\u2019s a loyal advocate for enhancing the professional landscape for pedagogues, ensuring they have the resources and support they need to nurture the young minds of tomorrow.<\/span><\/p>\n<p><span style=\"font-weight: 400;\">Maria Roth is the director of the <\/span><a href=\"https:\/\/www.ami-muenchen.com\/?lang=en#\"><span style=\"font-weight: 400;\">Montessori Adult Education Center<\/span><\/a><span style=\"font-weight: 400;\"> in Munich with 50 years of experience. She is a recognized AMI (Association Montessori Internationale) trainer specialising in the developmental age of 3 to 6 years<\/span><\/p>\n<p><span style=\"font-weight: 400;\">Fl\u00f3ra Bacs\u00f3 is a mediator, restorative facilitator, trainer, and project manager at the <\/span><a href=\"https:\/\/partnershungary.hu\/en\/\"><span style=\"font-weight: 400;\">Partners Hungary Foundation<\/span><\/a><span style=\"font-weight: 400;\">, invested in the integration of Roma pupils into education systems. She is also a teacher of Related Education, a trauma-informed methodology that aids parents and educators.\u00a0<\/span><\/p>\n<p><b>We meet with them at the <\/b><span style=\"font-weight: 400;\">Library of Central European University in Budapest.\u00a0<\/span><\/p>\n<h3><b>Creative team<\/b><\/h3>\n<p><span style=\"font-weight: 400;\">R\u00e9ka Kinga Papp, editor-in-chief<\/span><span style=\"font-weight: 400;\"><br \/><\/span><span style=\"font-weight: 400;\">Merve Akyel, art director<\/span><span style=\"font-weight: 400;\"><br \/><\/span><span style=\"font-weight: 400;\">Szilvia Pint\u00e9r, producer<\/span><span style=\"font-weight: 400;\"><br \/><\/span><span style=\"font-weight: 400;\">Zs\u00f3fia Gabriella Papp, executive producer<\/span><span style=\"font-weight: 400;\"><br \/><\/span><span style=\"font-weight: 400;\">Margarita Lechner, writer-editor<br \/><\/span><span style=\"font-weight: 400;\">Salma Shaka, writer-editor <\/span><span style=\"font-weight: 400;\"><br \/><\/span><span style=\"font-weight: 400;\">Priyanka Hutschenreiter, project assistant<\/span><\/p>\n<h3><b>Management<\/b><\/h3>\n<p><span style=\"font-weight: 400;\">Hermann Riessner\u00a0 managing director<\/span><span style=\"font-weight: 400;\"><br \/><\/span><span style=\"font-weight: 400;\">Judit Csik\u00f3s\u00a0 project manager<\/span><span style=\"font-weight: 400;\"><br \/><\/span><span style=\"font-weight: 400;\">Csilla Nagyn\u00e9 Kardos, office administration<\/span><\/p>\n<h3><b>Video Crew Budapest<\/b><\/h3>\n<p><span style=\"font-weight: 400;\">N\u00f3ra Ruszkai, sound engineering<\/span><span style=\"font-weight: 400;\"><br \/><\/span><span style=\"font-weight: 400;\">Gergely \u00c1ron P\u00e1pai, photography<\/span><span style=\"font-weight: 400;\"><br \/><\/span><span style=\"font-weight: 400;\">L\u00e1szl\u00f3 Hal\u00e1sz, photography<\/span><\/p>\n<h3><b>Postproduction<\/b><\/h3>\n<p><span style=\"font-weight: 400;\">N\u00f3ra Ruszkai, lead video editor<\/span><span style=\"font-weight: 400;\"><br \/><\/span><span style=\"font-weight: 400;\">Istv\u00e1n Nagy, video editor<\/span><span style=\"font-weight: 400;\"><br \/><\/span><span style=\"font-weight: 400;\">Mil\u00e1n Golovics, conversation editor<\/span><\/p>\n<h3><b>Art<\/b><\/h3>\n<p><span style=\"font-weight: 400;\">Victor Maria Lima, animation<\/span><span style=\"font-weight: 400;\"><br \/><\/span><a href=\"https:\/\/www.youtube.com\/watch?v=tXDcB6ExCcA\"><span style=\"font-weight: 400;\">Cornelia Frischauf, theme music<\/span><\/a><\/p>\n<h3><b>Captions and subtitles<\/b><\/h3>\n<p><span style=\"font-weight: 400;\">Julia Sobota\u00a0 closed captions, Polish and French subtitles; language versions management<br \/><\/span><span style=\"font-weight: 400;\">Farah Ayyash\u00a0 Arabic subtitles<\/span><span style=\"font-weight: 400;\"><br \/><\/span><span style=\"font-weight: 400;\">Mia Bel\u00e9n Soriano\u00a0 Spanish subtitles<\/span><span style=\"font-weight: 400;\"><br \/><\/span><span style=\"font-weight: 400;\">Marta Ferdebar\u00a0 Croatian subtitles<\/span><span style=\"font-weight: 400;\"><br \/><\/span><span style=\"font-weight: 400;\">L\u00eddia N\u00e1dori\u00a0 German subtitles<\/span><span style=\"font-weight: 400;\"><br \/><\/span><span style=\"font-weight: 400;\">Katalin Szlukov\u00e9nyi\u00a0 Hungarian subtitles<\/span><span style=\"font-weight: 400;\"><br \/><\/span><span style=\"font-weight: 400;\">Daniela Univazo\u00a0 German subtitles<\/span><span style=\"font-weight: 400;\"><br \/><\/span><span style=\"font-weight: 400;\">Olena Yermakova\u00a0 Ukrainian subtitles<\/span><span style=\"font-weight: 400;\"><br \/><\/span><span style=\"font-weight: 400;\">Aida Yermekbayeva\u00a0 Russian subtitles<\/span><span style=\"font-weight: 400;\"><br \/><\/span><span style=\"font-weight: 400;\">Mars Zaslavsky\u00a0 Italian subtitles<\/span><\/p>\n<p><b>Hosted by the Library of the Central European University, Budapest<\/b><\/p>\n<h3><b>Sources<\/b><\/h3>\n<p>Monitoring the provision of Early Childhood Education and Care (ECEC) services for Ukrainian refugee children and their families in Europe by Ecorys.<\/p>\n<h3><b>Disclosure<\/b><\/h3>\n<p><span style=\"font-weight: 400;\">This talk show is a Display Europe production: a ground-breaking media platform anchored in public values.<\/span><\/p>\n<p><span style=\"font-weight: 400;\">This programme is co-funded by the Creative Europe Programme of the European Union and the European Cultural Foundation.<\/span><\/p>\n<p><span style=\"font-weight: 400;\">Importantly, the views and opinions expressed here are those of the authors and speakers only and do not necessarily reflect those of the European Union or the European Education and Culture Executive Agency (EACEA). Neither the European Union nor the EACEA can be held responsible for them.<\/span><\/p>\n<p><img loading=\"lazy\" loading=\"lazy\" decoding=\"async\" class=\"alignnone size-medium wp-image-30258\" src=\"https:\/\/www.eurozine.com\/wp-content\/uploads\/2023\/12\/eu_Ecf_logos-300x74.jpg\" alt=\"\" width=\"300\" height=\"74\" srcset=\"https:\/\/www.eurozine.com\/wp-content\/uploads\/2023\/12\/eu_Ecf_logos-300x74.jpg 300w, https:\/\/www.eurozine.com\/wp-content\/uploads\/2023\/12\/eu_Ecf_logos.jpg 437w\" sizes=\"(max-width: 300px) 100vw, 300px\"\/><\/p>\n<\/p><\/div>\n<p>[ad_2]<br \/>\n<br \/><a href=\"https:\/\/www.eurozine.com\/warehousing-children\/?utm_source=rss&#038;utm_medium=rss&#038;utm_campaign=warehousing-children\">Source link <\/a><\/p>\n","protected":false},"excerpt":{"rendered":"<p>[ad_1] From the public school superpower Finland to arch-capitalist Britain, education varies widely across Europe. Across this spectrum, one factor remains constant: early childhood education<\/p>\n","protected":false},"author":1,"featured_media":222874,"comment_status":"closed","ping_status":"closed","sticky":false,"template":"","format":"standard","meta":{"_monsterinsights_skip_tracking":false,"_monsterinsights_sitenote_active":false,"_monsterinsights_sitenote_note":"","_monsterinsights_sitenote_category":0,"_uf_show_specific_survey":0,"_uf_disable_surveys":false,"footnotes":""},"categories":[154],"tags":[],"_links":{"self":[{"href":"https:\/\/michigandigitalnews.com\/index.php\/wp-json\/wp\/v2\/posts\/222873"}],"collection":[{"href":"https:\/\/michigandigitalnews.com\/index.php\/wp-json\/wp\/v2\/posts"}],"about":[{"href":"https:\/\/michigandigitalnews.com\/index.php\/wp-json\/wp\/v2\/types\/post"}],"author":[{"embeddable":true,"href":"https:\/\/michigandigitalnews.com\/index.php\/wp-json\/wp\/v2\/users\/1"}],"replies":[{"embeddable":true,"href":"https:\/\/michigandigitalnews.com\/index.php\/wp-json\/wp\/v2\/comments?post=222873"}],"version-history":[{"count":0,"href":"https:\/\/michigandigitalnews.com\/index.php\/wp-json\/wp\/v2\/posts\/222873\/revisions"}],"wp:featuredmedia":[{"embeddable":true,"href":"https:\/\/michigandigitalnews.com\/index.php\/wp-json\/wp\/v2\/media\/222874"}],"wp:attachment":[{"href":"https:\/\/michigandigitalnews.com\/index.php\/wp-json\/wp\/v2\/media?parent=222873"}],"wp:term":[{"taxonomy":"category","embeddable":true,"href":"https:\/\/michigandigitalnews.com\/index.php\/wp-json\/wp\/v2\/categories?post=222873"},{"taxonomy":"post_tag","embeddable":true,"href":"https:\/\/michigandigitalnews.com\/index.php\/wp-json\/wp\/v2\/tags?post=222873"}],"curies":[{"name":"wp","href":"https:\/\/api.w.org\/{rel}","templated":true}]}}