{"id":209314,"date":"2024-03-01T15:11:06","date_gmt":"2024-03-01T15:11:06","guid":{"rendered":"https:\/\/michigandigitalnews.com\/index.php\/2024\/03\/01\/exploring-ageing-eurozine\/"},"modified":"2025-06-25T17:21:24","modified_gmt":"2025-06-25T17:21:24","slug":"exploring-ageing-eurozine","status":"publish","type":"post","link":"https:\/\/michigandigitalnews.com\/index.php\/2024\/03\/01\/exploring-ageing-eurozine\/","title":{"rendered":"Exploring ageing | Eurozine"},"content":{"rendered":"<p> [ad_1]<br \/>\n<\/p>\n<div id=\"main-text\">\n<p><iframe title=\"Why are women not allowed to age: Standard Time talk show - S1E1\" width=\"1200\" height=\"675\" src=\"https:\/\/www.youtube.com\/embed\/hEivf5QAGkQ?feature=oembed\" frameborder=\"0\" allow=\"accelerometer; autoplay; clipboard-write; encrypted-media; gyroscope; picture-in-picture; web-share\" allowfullscreen><\/iframe><\/p>\n<p>We are proud to present the first episode of Eurozine\u2019s new weekly talk show, Standard Time. The inaugural discussion takes stock of societal pressures, especially on women, regarding youthfulness and the often unrealistic standards set by society. The episode features three distinguished guests, each bringing a unique perspective to the discussion.<\/p>\n<p>Marleen Wynants joins online from the Netherlands. She is the director of Crosstalks, and a guest editor of the Flemish journal <em>rekto:verso<\/em>. She co-curated their 99th edition, dedicated to the theme of ageing. Her recent book has gained significant attention for its thoughtful analysis of ageing and its impact on society.<\/p>\n<p>Fiona Rupprecht is a gerontologist from the University of Vienna. Dr Rupprecht\u2019s work focuses on the science behind ageing, offering valuable insights into the biological and psychological aspects of this inevitable process.<\/p>\n<p><a href=\"https:\/\/www.eurozine.com\/authors\/lorand-zsofia\/\">Zs\u00f3fia Lor\u00e1nd<\/a> is a historian of ideas and a recurring author of Eurozine, who brings a fresh perspective on societal age norms. Her work challenges conventional beliefs and promotes new ways of understanding age in the context of historical and cultural developments. Find her articles taking stock of feminist foremothers <a href=\"https:\/\/www.eurozine.com\/authors\/lorand-zsofia\/\">hereby<\/a>.<\/p>\n<p>Join us for this thought-provoking episode that promises to shed light on the existential aspects of ageing and how it shapes our lives. Tune in to Standard Time and engage in a conversation that redefines the narrative of ageing in today\u2019s world.<\/p>\n<h3>Related reads<\/h3>\n<p><span style=\"font-weight: 400;\">Marleen Wynants, Goedele Nuyttens. <\/span><span style=\"font-weight: 400;\"><a href=\"https:\/\/books.google.co.uk\/books\/about\/Age.html?id=cC2LAQAACAAJ&amp;redir_esc=y\">Age: From the Anatomy of Life to the Architecture of Living<\/a><br \/><\/span><span style=\"font-weight: 400;\"><a href=\"https:\/\/www.rektoverso.be\/dossier\/editie-99\"><em>rekto:verso<\/em>\u2019s thematic issue on ageing<\/a>, co-edited by Marleen Wynants<br \/><\/span><span style=\"font-weight: 400;\"><a href=\"https:\/\/www.bookforum.com\/print\/1605\/dubravka-ugresic-finds-feminist-mettle-in-an-eastern-european-witch-5008\">Baba Yaga laid an egg<\/a> by Dubravka Ugre\u0161i\u0107<br \/><\/span><span style=\"font-weight: 400;\">Fiona Rupprecht\u2019s <a href=\"https:\/\/psycnet.apa.org\/record\/2024-22278-001\">research article on ageing<\/a><br \/>Zs\u00f3fia L\u00f3r\u00e1nd honouring the prolific <a href=\"https:\/\/www.eurozine.com\/the-stakes-of-feminism\/\">feminist journalist and author Slavenka Drakuli\u0107<\/a><\/span><\/p>\n<p><strong>Cited source<\/strong><\/p>\n<p><span style=\"font-weight: 400;\">Bret Stetka for <\/span><a href=\"https:\/\/www.scientificamerican.com\/article\/extended-adolescence-when-25-is-the-new-181\/\"><i><span style=\"font-weight: 400;\">Scientific American <\/span><\/i><\/a><span style=\"font-weight: 400;\">on \u2018<\/span><span style=\"font-weight: 400;\">Extended Adolescence: When 25 Is the New 18\u2032<\/span><\/p>\n<h3>Creative team<\/h3>\n<p><span style=\"font-weight: 400;\">R\u00e9ka Kinga Papp, editor-in-chief<br \/><\/span><span style=\"font-weight: 400;\">Merve Akyel, art director<br \/><\/span><span style=\"font-weight: 400;\">Szilvia Pint\u00e9r, producer<br \/><\/span><span style=\"font-weight: 400;\">Margarita Lechner, writer-editor<br \/><\/span><span style=\"font-weight: 400;\">Zs\u00f3fia Gabriella Papp, executive producer<\/span><\/p>\n<h3>Management<\/h3>\n<p><span style=\"font-weight: 400;\">Hermann Riessner, managing director<br \/><\/span><span style=\"font-weight: 400;\">Judit Csik\u00f3s, project manager<br \/><\/span><span style=\"font-weight: 400;\">Csilla Nagyn\u00e9 Kardos, office administration<\/span><\/p>\n<h3>Video crew, Okto TV<\/h3>\n<p><span style=\"font-weight: 400;\">Senad Hergi\u0107, producer<br \/><\/span><span style=\"font-weight: 400;\">Leah Hochedlinger, video recording<br \/><\/span><span style=\"font-weight: 400;\">Marlena Stolze, video recording<br \/><\/span><span style=\"font-weight: 400;\">Clemens Schmiedbauer, video recording<br \/><\/span><span style=\"font-weight: 400;\">Richard Brusek, sound recording<\/span><\/p>\n<h3>Postproduction<\/h3>\n<p><span style=\"font-weight: 400;\">Istv\u00e1n Nagy, lead video editor<br \/><\/span><span style=\"font-weight: 400;\">Kateryna Kuzmenko, dialogue editor<\/span><\/p>\n<h3>Art<\/h3>\n<p><span style=\"font-weight: 400;\">animation by Victor Maria Lima<br \/><\/span><span style=\"font-weight: 400;\">theme music by Cornelia Frischauf\u00a0<\/span><\/p>\n<p>Hosted by\u00a0<strong>The Alte Schmiede Kunstverein, Vienna<\/strong><\/p>\n<p><span style=\"font-weight: 400;\">This talk show is a Display Europe production: a content-sharing platform soon to premiere.<\/span><\/p>\n<p><span style=\"font-weight: 400;\">This programme is co-funded by the Creative Europe Programme of the European Union and the European Cultural Foundation. <\/span><span style=\"font-weight: 400;\">Importantly, <\/span><span style=\"font-weight: 400;\">the views and opinions expressed here are those of the authors and speakers only and do not necessarily reflect those of the European Union or the European Education and Culture Executive Agency (EACEA). Neither the European Union nor the EACEA can be held responsible for them.<\/span><\/p>\n<p><img loading=\"lazy\" loading=\"lazy\" decoding=\"async\" class=\"alignleft size-medium wp-image-30147\" src=\"https:\/\/www.eurozine.com\/wp-content\/uploads\/2023\/11\/EN_Co-fundedbytheEU_RGB_POS-300x67.png\" alt=\"\" width=\"300\" height=\"67\" srcset=\"https:\/\/www.eurozine.com\/wp-content\/uploads\/2023\/11\/EN_Co-fundedbytheEU_RGB_POS-300x67.png 300w, https:\/\/www.eurozine.com\/wp-content\/uploads\/2023\/11\/EN_Co-fundedbytheEU_RGB_POS-1024x228.png 1024w, https:\/\/www.eurozine.com\/wp-content\/uploads\/2023\/11\/EN_Co-fundedbytheEU_RGB_POS-768x171.png 768w, https:\/\/www.eurozine.com\/wp-content\/uploads\/2023\/11\/EN_Co-fundedbytheEU_RGB_POS-1536x343.png 1536w, https:\/\/www.eurozine.com\/wp-content\/uploads\/2023\/11\/EN_Co-fundedbytheEU_RGB_POS-2048x457.png 2048w\" sizes=\"(max-width: 300px) 100vw, 300px\"\/><\/p>\n<p><img loading=\"lazy\" loading=\"lazy\" decoding=\"async\" class=\"wp-image-30148 size-full alignright\" src=\"https:\/\/www.eurozine.com\/wp-content\/uploads\/2023\/11\/ECF_LOGO_SCREEN_RED-e1700740626318.png\" alt=\"\" width=\"150\" height=\"106\"\/><\/p>\n<\/p><\/div>\n<p>[ad_2]<br \/>\n<br \/><a href=\"https:\/\/www.eurozine.com\/the-clock-of-life-exploring-aging\/?utm_source=rss&#038;utm_medium=rss&#038;utm_campaign=the-clock-of-life-exploring-aging\">Source link <\/a><\/p>\n","protected":false},"excerpt":{"rendered":"<p>[ad_1] We are proud to present the first episode of Eurozine\u2019s new weekly talk show, Standard Time. The inaugural discussion takes stock of societal pressures,<\/p>\n","protected":false},"author":1,"featured_media":209315,"comment_status":"closed","ping_status":"closed","sticky":false,"template":"","format":"standard","meta":{"_monsterinsights_skip_tracking":false,"_monsterinsights_sitenote_active":false,"_monsterinsights_sitenote_note":"","_monsterinsights_sitenote_category":0,"_uf_show_specific_survey":0,"_uf_disable_surveys":false,"footnotes":""},"categories":[154],"tags":[],"_links":{"self":[{"href":"https:\/\/michigandigitalnews.com\/index.php\/wp-json\/wp\/v2\/posts\/209314"}],"collection":[{"href":"https:\/\/michigandigitalnews.com\/index.php\/wp-json\/wp\/v2\/posts"}],"about":[{"href":"https:\/\/michigandigitalnews.com\/index.php\/wp-json\/wp\/v2\/types\/post"}],"author":[{"embeddable":true,"href":"https:\/\/michigandigitalnews.com\/index.php\/wp-json\/wp\/v2\/users\/1"}],"replies":[{"embeddable":true,"href":"https:\/\/michigandigitalnews.com\/index.php\/wp-json\/wp\/v2\/comments?post=209314"}],"version-history":[{"count":1,"href":"https:\/\/michigandigitalnews.com\/index.php\/wp-json\/wp\/v2\/posts\/209314\/revisions"}],"predecessor-version":[{"id":341008,"href":"https:\/\/michigandigitalnews.com\/index.php\/wp-json\/wp\/v2\/posts\/209314\/revisions\/341008"}],"wp:featuredmedia":[{"embeddable":true,"href":"https:\/\/michigandigitalnews.com\/index.php\/wp-json\/wp\/v2\/media\/209315"}],"wp:attachment":[{"href":"https:\/\/michigandigitalnews.com\/index.php\/wp-json\/wp\/v2\/media?parent=209314"}],"wp:term":[{"taxonomy":"category","embeddable":true,"href":"https:\/\/michigandigitalnews.com\/index.php\/wp-json\/wp\/v2\/categories?post=209314"},{"taxonomy":"post_tag","embeddable":true,"href":"https:\/\/michigandigitalnews.com\/index.php\/wp-json\/wp\/v2\/tags?post=209314"}],"curies":[{"name":"wp","href":"https:\/\/api.w.org\/{rel}","templated":true}]}}