{"id":208499,"date":"2024-02-27T15:41:28","date_gmt":"2024-02-27T15:41:28","guid":{"rendered":"https:\/\/michigandigitalnews.com\/index.php\/2024\/02\/27\/not-so-special-treatment-eurozine\/"},"modified":"2025-06-25T17:21:31","modified_gmt":"2025-06-25T17:21:31","slug":"not-so-special-treatment-eurozine","status":"publish","type":"post","link":"https:\/\/michigandigitalnews.com\/index.php\/2024\/02\/27\/not-so-special-treatment-eurozine\/","title":{"rendered":"Not so special treatment | Eurozine"},"content":{"rendered":"<p> [ad_1]<br \/>\n<\/p>\n<div id=\"main-text\">\n<p><iframe title=\"Not so special treatment: Standard Time talk show - S1E5\" width=\"1200\" height=\"675\" src=\"https:\/\/www.youtube.com\/embed\/Fvoi9Zi4NXw?feature=oembed\" frameborder=\"0\" allow=\"accelerometer; autoplay; clipboard-write; encrypted-media; gyroscope; picture-in-picture; web-share\" allowfullscreen><\/iframe><\/p>\n<p>The EU moves toward further restricting asylum. The new pact <a href=\"https:\/\/www.euronews.com\/my-europe\/2023\/12\/20\/eu-strikes-major-deal-to-reform-migration-policy-after-three-years-of-bitter-debates\">agreed on 20 December<\/a>, even refuses a proposed age limit for the detention of irregular arrivals, or family protections.\u00a0 Yet<span style=\"font-weight: 400;\">, refugees continue to cross unconventional paths as they face wars, political volatility, persecution and the worsening effects of climate disasters. <\/span><\/p>\n<p><span style=\"font-weight: 400;\">The so-called \u2018warm welcome\u2019 Ukrainian refugees got in 2022 was, indeed, a special case, but the bar had already been very low, researcher Olena Yermakova points out. Policy advisor Martin Wager sees cheap political gains governing European policies, even against obvious needs and interests.<\/span><\/p>\n<p><span style=\"font-weight: 400;\">Refugees play a defining role in European life and politics. While the EU brags about its commitment to upholding human rights, it at the same time executes repressive measures against them.\u00a0 This polarity is mirrored in how differently Ukrainian refugees are treated to asylum seekers arriving from other countries. <\/span><a href=\"https:\/\/www.eurozine.com\/the-way-home\/\"><span style=\"font-weight: 400;\">While the former were given temporary protection status fleeing Russia\u2019s aggression,<\/span><\/a><span style=\"font-weight: 400;\"> the latter must undergo ever-stricter procedures as their chances of obtaining a protected status erodes.<\/span><\/p>\n<p><span style=\"font-weight: 400;\">In this episode, we discuss these conditions of asylum alongside anti-immigration policies, discrimination, and their legal implications with our guest speakers.<\/span><\/p>\n<p><b>Martin Wagner<\/b><span style=\"font-weight: 400;\"> is the Senior Policy Advisor for Asylum at the International Center for Migration Policy Development. He specializes in European and international refugee, human rights, and anti-discrimination law. Wagner has authored several studies on European asylum systems\u200b and has experience in providing legal assistance, monitoring law enforcement, as well as capacity-building projects in various countries.<\/span><\/p>\n<p><b>Olena Yermakova<\/b><span style=\"font-weight: 400;\"> is an interdisciplinary researcher focusing on Central and Eastern European migration. She was awarded a junior visiting fellowship in the \u201cUkraine in European Dialogue\u201d program at the Institute of Human Sciences (IWM) Vienna. Yermakova continues her research into Ukrainian labor migrants in Poland at the Research Centre for the History of Transformations at the University of Vienna.\u00a0<\/span><\/p>\n<p><span style=\"font-weight: 400;\">We meet with them at The Alte Schmiede Kunstverein, Vienna. <\/p>\n<section id=\"strefugees_articles\" class=\"my1 infobox infobox-og hide-desktop infobox-red\">\n<div style=\"margin:0!important;\">\n<article>\n<figure class=\"hide-mobile\" style=\"margin-top: 0; margin-bottom: 20px;\"><a class=\"block\" href=\"https:\/\/www.eurozine.com\/the-way-home\/\"><picture class=\"block w100\"><source srcset=\"https:\/\/www.eurozine.com\/wp-content\/uploads\/2023\/12\/5134b399151a9394bb8eaa693287eb4e.png 272w,https:\/\/www.eurozine.com\/wp-content\/uploads\/2023\/12\/50700dacd12bab83ac65dde5d0c10dfa.png 544w\"><img decoding=\"async\" style=\"margin:0!important\" class=\"block w100\" src=\"https:\/\/www.eurozine.com\/wp-content\/uploads\/2023\/12\/5134b399151a9394bb8eaa693287eb4e.png\" alt=\"Cover for: The way home\"\/><br \/>\n      <\/source><\/picture><\/a><\/figure>\n<aside class=\"hide-mobile\">\n<\/aside>\n<\/article>\n<\/div>\n<div style=\"margin:0!important;\">\n<article>\n<figure class=\"hide-mobile\" style=\"margin-top: 0; margin-bottom: 20px;\"><a class=\"block\" href=\"https:\/\/www.eurozine.com\/one-way-or-another\/\"><picture class=\"block w100\"><source srcset=\"https:\/\/www.eurozine.com\/wp-content\/uploads\/2023\/12\/530ba205272dd652ac9a3aa016c6def2.jpg 272w,https:\/\/www.eurozine.com\/wp-content\/uploads\/2023\/12\/4cf6772ae415b8a8e664267aea32dd3a.jpg 544w\"><img decoding=\"async\" style=\"margin:0!important\" class=\"block w100\" src=\"https:\/\/www.eurozine.com\/wp-content\/uploads\/2023\/12\/530ba205272dd652ac9a3aa016c6def2.jpg\" alt=\"Cover for: One way or another\"\/><br \/>\n      <\/source><\/picture><\/a><\/figure>\n<aside class=\"hide-mobile\">\n<\/aside>\n<\/article>\n<\/div>\n<\/section>\n<p><\/span><\/p>\n<h3>Creative team<\/h3>\n<p><span style=\"font-weight: 400;\">R\u00e9ka Kinga Papp, editor-in-chief<\/span><span style=\"font-weight: 400;\"><br \/><\/span><span style=\"font-weight: 400;\">Merve Akyel, art director<\/span><span style=\"font-weight: 400;\"><br \/><\/span><span style=\"font-weight: 400;\">Szilvia Pint\u00e9r, producer<\/span><span style=\"font-weight: 400;\"><br \/><\/span><span style=\"font-weight: 400;\">Zs\u00f3fia Gabriella Papp, executive producer<\/span><span style=\"font-weight: 400;\"><br \/><\/span><span style=\"font-weight: 400;\">Margarita Lechner, writer-editor<br \/><\/span><span style=\"font-weight: 400;\">Salma Shaka, writer-editor <\/span><span style=\"font-weight: 400;\"><br \/><\/span><span style=\"font-weight: 400;\">Priyanka Hutschenreiter, project assistant<\/span><\/p>\n<h3>Management<\/h3>\n<p><span style=\"font-weight: 400;\">Hermann Riessner\u00a0 managing director<\/span><span style=\"font-weight: 400;\"><br \/><\/span><span style=\"font-weight: 400;\">Judit Csik\u00f3s\u00a0 project manager<\/span><span style=\"font-weight: 400;\"><br \/><\/span><span style=\"font-weight: 400;\">Csilla Nagyn\u00e9 Kardos, office administration<\/span><\/p>\n<h3>OKTO Crew<\/h3>\n<p><span style=\"font-weight: 400;\">Senad Hergi\u0107 producer<br \/><\/span><span style=\"font-weight: 400;\">Leah Hochedlinger\u00a0 video recording<br \/><\/span><span style=\"font-weight: 400;\">Marlena Stolze\u00a0 video recording<br \/><\/span><span style=\"font-weight: 400;\">Clemens Schmiedbauer video recording<br \/><\/span><span style=\"font-weight: 400;\">Richard Brusek sound recording<\/span><\/p>\n<h3>Video Crew Budapest<\/h3>\n<p><span style=\"font-weight: 400;\">N\u00f3ra Ruszkai, sound engineering<\/span><span style=\"font-weight: 400;\"><br \/><\/span><span style=\"font-weight: 400;\">Gergely \u00c1ron P\u00e1pai, photography<\/span><span style=\"font-weight: 400;\"><br \/><\/span><span style=\"font-weight: 400;\">L\u00e1szl\u00f3 Hal\u00e1sz, photography<\/span><\/p>\n<h3>Postproduction<\/h3>\n<p><span style=\"font-weight: 400;\">N\u00f3ra Ruszkai, lead video editor<br \/>R\u00e9ka Kinga Pap, conversation editor<\/span><\/p>\n<h3>Art<\/h3>\n<p><span style=\"font-weight: 400;\">Victor Maria Lima, animation<\/span><span style=\"font-weight: 400;\"><br \/><\/span><a href=\"https:\/\/www.youtube.com\/watch?v=tXDcB6ExCcA\"><span style=\"font-weight: 400;\">Cornelia Frischauf, theme music<\/span><\/a><\/p>\n<h3>Captions and subtitles<\/h3>\n<p><span style=\"font-weight: 400;\">Julia Sobota, Daniela Univazo, Mars Zaslavsky, Marta Ferdebar, Olena Yermakova, Farah Ayyash<\/span><\/p>\n<h3>Sources<\/h3>\n<p><a href=\"https:\/\/www.euronews.com\/my-europe\/2023\/12\/20\/eu-strikes-major-deal-to-reform-migration-policy-after-three-years-of-bitter-debates\">\u2018Historic day\u2019: EU strikes major deal to reform migration policy after three years of bitter debates<\/a> by Jorge Liboreiro in Euronews<\/p>\n<p><span style=\"font-weight: 400;\"><a href=\"https:\/\/www.eurozine.com\/the-way-home\/\">The way home<\/a> by Olena Yermakova in Eurozine<\/span><\/p>\n<p><span style=\"font-weight: 400;\"><a href=\"https:\/\/www.iab-forum.de\/en\/what-do-we-know-about-the-employment-of-refugees-in-germany-answers-to-some-frequently-asked-questions\/\">What do we know about the employment of refugees in Germany?<\/a> by Herbert Br\u00fcker, Yuliya Kosyakova. IAB-Forum.\u00a0<\/span><\/p>\n<h3>Related Reads<\/h3>\n<p><span style=\"font-weight: 400;\"><a href=\"https:\/\/www.eurozine.com\/one-way-or-another\/\">One way or another<\/a> by Chiara Pagano in Eurozine<\/span><span style=\"font-weight: 400;\">\u00a0<\/span><\/p>\n<p><span style=\"font-weight: 400;\">A stage of limbo: A meta-synthesis of refugees\u2019 liminality. Ville R. Hartonen, Pertti V\u00e4is\u00e4nen, Liisa Karlsson and Sinikka P\u00f6ll\u00e4nen. <a href=\"https:\/\/iaap-journals.onlinelibrary.wiley.com\/doi\/full\/10.1111\/apps.12349\">IAAP Journals<\/a>. <\/span><span style=\"font-weight: 400;\">\u00a0<\/span><\/p>\n<h3>Disclosure<\/h3>\n<p><span style=\"font-weight: 400;\">This talk show is a Display Europe production: a ground-breaking media platform anchored in public values.<\/span><\/p>\n<p><span style=\"font-weight: 400;\">This programme is co-funded by the Creative Europe Programme of the European Union and the European Cultural Foundation.<\/span><\/p>\n<p><span style=\"font-weight: 400;\">Importantly, the views and opinions expressed here are those of the authors and speakers only and do not necessarily reflect those of the European Union or the European Education and Culture Executive Agency (EACEA). Neither the European Union nor the EACEA can be held responsible for them.<\/span><\/p>\n<p><img loading=\"lazy\" loading=\"lazy\" decoding=\"async\" class=\"aligncenter size-full wp-image-30258\" src=\"https:\/\/www.eurozine.com\/wp-content\/uploads\/2023\/12\/eu_Ecf_logos.jpg\" alt=\"\" width=\"437\" height=\"108\" srcset=\"https:\/\/www.eurozine.com\/wp-content\/uploads\/2023\/12\/eu_Ecf_logos.jpg 437w, https:\/\/www.eurozine.com\/wp-content\/uploads\/2023\/12\/eu_Ecf_logos-300x74.jpg 300w\" sizes=\"(max-width: 437px) 100vw, 437px\"\/><\/p>\n<\/p><\/div>\n<p>[ad_2]<br \/>\n<br \/><a href=\"https:\/\/www.eurozine.com\/not-so-special-treatment\/?utm_source=rss&#038;utm_medium=rss&#038;utm_campaign=not-so-special-treatment\">Source link <\/a><\/p>\n","protected":false},"excerpt":{"rendered":"<p>[ad_1] The EU moves toward further restricting asylum. The new pact agreed on 20 December, even refuses a proposed age limit for the detention of<\/p>\n","protected":false},"author":1,"featured_media":208500,"comment_status":"closed","ping_status":"closed","sticky":false,"template":"","format":"standard","meta":{"_monsterinsights_skip_tracking":false,"_monsterinsights_sitenote_active":false,"_monsterinsights_sitenote_note":"","_monsterinsights_sitenote_category":0,"_uf_show_specific_survey":0,"_uf_disable_surveys":false,"footnotes":""},"categories":[154],"tags":[],"_links":{"self":[{"href":"https:\/\/michigandigitalnews.com\/index.php\/wp-json\/wp\/v2\/posts\/208499"}],"collection":[{"href":"https:\/\/michigandigitalnews.com\/index.php\/wp-json\/wp\/v2\/posts"}],"about":[{"href":"https:\/\/michigandigitalnews.com\/index.php\/wp-json\/wp\/v2\/types\/post"}],"author":[{"embeddable":true,"href":"https:\/\/michigandigitalnews.com\/index.php\/wp-json\/wp\/v2\/users\/1"}],"replies":[{"embeddable":true,"href":"https:\/\/michigandigitalnews.com\/index.php\/wp-json\/wp\/v2\/comments?post=208499"}],"version-history":[{"count":1,"href":"https:\/\/michigandigitalnews.com\/index.php\/wp-json\/wp\/v2\/posts\/208499\/revisions"}],"predecessor-version":[{"id":341832,"href":"https:\/\/michigandigitalnews.com\/index.php\/wp-json\/wp\/v2\/posts\/208499\/revisions\/341832"}],"wp:featuredmedia":[{"embeddable":true,"href":"https:\/\/michigandigitalnews.com\/index.php\/wp-json\/wp\/v2\/media\/208500"}],"wp:attachment":[{"href":"https:\/\/michigandigitalnews.com\/index.php\/wp-json\/wp\/v2\/media?parent=208499"}],"wp:term":[{"taxonomy":"category","embeddable":true,"href":"https:\/\/michigandigitalnews.com\/index.php\/wp-json\/wp\/v2\/categories?post=208499"},{"taxonomy":"post_tag","embeddable":true,"href":"https:\/\/michigandigitalnews.com\/index.php\/wp-json\/wp\/v2\/tags?post=208499"}],"curies":[{"name":"wp","href":"https:\/\/api.w.org\/{rel}","templated":true}]}}