{"id":207991,"date":"2024-02-25T05:05:15","date_gmt":"2024-02-25T05:05:15","guid":{"rendered":"https:\/\/michigandigitalnews.com\/index.php\/2024\/02\/25\/its-about-time-eurozine\/"},"modified":"2025-06-25T17:21:36","modified_gmt":"2025-06-25T17:21:36","slug":"its-about-time-eurozine","status":"publish","type":"post","link":"https:\/\/michigandigitalnews.com\/index.php\/2024\/02\/25\/its-about-time-eurozine\/","title":{"rendered":"It&#8217;s about time | Eurozine"},"content":{"rendered":"<p> [ad_1]<br \/>\n<\/p>\n<div id=\"main-text\">\n<p><iframe title=\"We still run on Hitler&#039;s time: Standard Time talk show - S1E7\" width=\"1200\" height=\"675\" src=\"https:\/\/www.youtube.com\/embed\/lWUcWoCQ-vk?feature=oembed\" frameborder=\"0\" allow=\"accelerometer; autoplay; clipboard-write; encrypted-media; gyroscope; picture-in-picture; web-share\" allowfullscreen><\/iframe><\/p>\n<p>Most European clocks are out of tune with natural time since the Second World War, when countries like Spain chose Central European Time (CET) to align with their ally, Nazi Germany. It makes little sense for the West for the Mediterranean to adopt a time that is better suited to Poland. Many advocate splitting Europe into four time zones based on natural time; ensuring the sun is at its highest at noon, but the status quo seems very hard to move.<\/p>\n<div id=\"attachment_30494\" style=\"width: 1485px\" class=\"wp-caption aligncenter\"><img loading=\"lazy\" loading=\"lazy\" decoding=\"async\" aria-describedby=\"caption-attachment-30494\" class=\"size-full wp-image-30494\" src=\"https:\/\/www.eurozine.com\/wp-content\/uploads\/2024\/01\/Europe_time_zones_map_en.png\" alt=\"\" width=\"1475\" height=\"1200\" srcset=\"https:\/\/www.eurozine.com\/wp-content\/uploads\/2024\/01\/Europe_time_zones_map_en.png 1475w, https:\/\/www.eurozine.com\/wp-content\/uploads\/2024\/01\/Europe_time_zones_map_en-300x244.png 300w, https:\/\/www.eurozine.com\/wp-content\/uploads\/2024\/01\/Europe_time_zones_map_en-1024x833.png 1024w, https:\/\/www.eurozine.com\/wp-content\/uploads\/2024\/01\/Europe_time_zones_map_en-768x625.png 768w\" sizes=\"(max-width: 1475px) 100vw, 1475px\"\/><\/p>\n<p id=\"caption-attachment-30494\" class=\"wp-caption-text\">It makes little sense for Poland and Spain to share the same time zone. A map of European times from <a href=\"https:\/\/commons.wikimedia.org\/wiki\/File:Europe_time_zones_map_en.png\">Wikimedia Commons<\/a>.<\/p>\n<\/div>\n<p>Another great point of contention are Daylight Saving policies. They were first introduced to save on coal during WWI, but don\u2019t serve the intended purpose anymore. Today, they are very unpopular: i<span style=\"font-weight: 400;\">n <a href=\"https:\/\/www.frontiersin.org\/articles\/10.3389\/fphys.2019.00944\/full\">a 2018 survey<\/a>, 84% of participants wanted to abolish the switch between DST and Standard Time. But most of us are still stuck with it, as <\/span>the EU has left it up to individual countries to decide whether to stick with winter time or summer time.<\/p>\n<p>Time zones and daylight saving time aren\u2019t just about what time we set our clocks to, but about our health as well. Humans are mostly tuned to a circadian rhythm, an internal clock that is more or less aligned with sunlight and dark periods. When this chronological mechanism is rearranged, our biological tune falls out of sync with our social clocks \u2013 that is, the schedule under which our societies operate.<\/p>\n<p>It is a continent-wide, history-laden, politically charged, chronobiological puzzle. Today\u2019s guests try to sort the pieces:<\/p>\n<p>Prof. Dietrich Henckel is a board member of the<a href=\"https:\/\/zeitpolitik.org\/dgfzp_international\"> German Society for Time Policy (DGfZP)<\/a>, and specializes in urban and regional economics. His research covers urban time structures, time policies and the impact of light pollution on cities. Prof. Henckel is recognized for his contributions to understanding how time and temporal dynamics affect urban environments and policy-making.<\/p>\n<p>Dr. Imre M\u00e1rton Rem\u00e9nyi is a Budapest-born and Vienna-raised expert, with a diverse background ranging from mechanical engineering to opera singing. He currently works as a coach, psychotherapist, and organizational consultant, and is the president of the Austrian Burn-Out Society. He is also the CEO of <a href=\"https:\/\/s-i-t.at\/\">Systemisches Institut Wien.<\/a><\/p>\n<p>James Irons is a UK and Vienna-based comedian and professional actor who has played and appeared in multiple roles, including at the Open House Theatre in Vienna. He began his career with the podcast theatre group in the United Kingdom, and moved to Austria two years later. He was an assistant director for the play <a href=\"https:\/\/www.viennatheatreproject.com\/the-invisible-hand-october-2016\"><em>The Invisible Hand<\/em><\/a>\u00a0of the Vienna Theatre Project.<\/p>\n<p>We meet with them at the Alte Schmiede Kunstverein, Vienna<\/p>\n<h3>Creative team<\/h3>\n<p>R\u00e9ka Kinga Papp, editor-in-chief<br \/>Merve Akyel, art director<br \/>Szilvia Pint\u00e9r, producer<br \/>Zs\u00f3fia Gabriella Papp, executive producer<br \/>Margarita Lechner, writer-editor<br \/>Salma Shaka, writer-editor<br \/>Priyanka Hutschenreiter, project assistant<\/p>\n<h3>Management<\/h3>\n<p>Hermann Riessner managing director<br \/>Judit Csik\u00f3s project manager<br \/>Csilla Nagyn\u00e9 Kardos, office administration<\/p>\n<h3>OKTO Crew<\/h3>\n<p>Senad Hergi\u0107 producer<br \/>Leah Hochedlinger video recording<br \/>Marlena Stolze video recording<br \/>Clemens Schmiedbauer video recording<br \/>Richard Brusek sound recording<\/p>\n<h3>Video Crew Budapest<\/h3>\n<p>N\u00f3ra Ruszkai, sound engineering<br \/>Gergely \u00c1ron P\u00e1pai, photography<br \/>L\u00e1szl\u00f3 Hal\u00e1sz, photography<\/p>\n<h3>Postproduction<\/h3>\n<p>N\u00f3ra Ruszkai, lead video editor<br \/>Kateryna Kuzmenko dialogue editor<\/p>\n<h3>Art<\/h3>\n<p>Victor Maria Lima, animation<br \/>Cornelia Frischauf, theme music<\/p>\n<h3>Captions and subtitles<\/h3>\n<p>Julia Sobota, Daniela Univazo, Mars Zaslavsky, Marta Ferdebar, Olena Yermakova, Farah Ayyash<\/p>\n<p>Hosted by The Alte Schmiede Kunstverein, Vienna<\/p>\n<h3>Sources<\/h3>\n<p><a href=\"https:\/\/www.frontiersin.org\/articles\/10.3389\/fphys.2019.00944\/full\">Daylight Saving Time and Artificial Time Zones \u2013 A Battle Between Biological and Social Times<\/a> by Till Roenneberg, Eva C. Winnebeck, and Eva C. Winnebeck, Frontiers in Physiology.<\/p>\n<p><a href=\"https:\/\/www.euronews.com\/my-europe\/2022\/10\/28\/when-will-the-eu-end-seasonal-clock-changes-only-time-will-tell\">When will the EU end seasonal clock changes? Only time will tell.<\/a> by Alice Tidey, Euronews.<\/p>\n<p><a href=\"https:\/\/www.youtube.com\/watch?v=iG9CE55wbtY\">Do schools kill creativity?<\/a> Sir Ken Robinson , TED<\/p>\n<h3>Related Reads<\/h3>\n<p><a href=\"https:\/\/www.eurozine.com\/midnight-dispatch\/\">Midnight dispatch: Night workers\u2019 voices from the UK and Romania<\/a> by Julius-Cezar MacQuarie<\/p>\n<h3>Disclosure<\/h3>\n<p>This talk show is a Display Europe production: a ground-breaking media platform anchored in public values.<br \/>This programme is co-funded by the Creative Europe Programme of the European Union and the European Cultural Foundation.<br \/>Importantly, the views and opinions expressed here are those of the authors and speakers only and do not necessarily reflect those of the European Union or the European Education and Culture Executive Agency (EACEA). Neither the European Union nor the EACEA can be held responsible for them.<\/p>\n<p><img loading=\"lazy\" loading=\"lazy\" decoding=\"async\" class=\"alignnone size-medium wp-image-30258\" src=\"https:\/\/www.eurozine.com\/wp-content\/uploads\/2023\/12\/eu_Ecf_logos-300x74.jpg\" alt=\"\" width=\"300\" height=\"74\" srcset=\"https:\/\/www.eurozine.com\/wp-content\/uploads\/2023\/12\/eu_Ecf_logos-300x74.jpg 300w, https:\/\/www.eurozine.com\/wp-content\/uploads\/2023\/12\/eu_Ecf_logos.jpg 437w\" sizes=\"(max-width: 300px) 100vw, 300px\"\/><\/p>\n<\/p><\/div>\n<p>[ad_2]<br \/>\n<br \/><a href=\"https:\/\/www.eurozine.com\/its-about-time\/?utm_source=rss&#038;utm_medium=rss&#038;utm_campaign=its-about-time\">Source link <\/a><\/p>\n","protected":false},"excerpt":{"rendered":"<p>[ad_1] Most European clocks are out of tune with natural time since the Second World War, when countries like Spain chose Central European Time (CET)<\/p>\n","protected":false},"author":1,"featured_media":207992,"comment_status":"closed","ping_status":"closed","sticky":false,"template":"","format":"standard","meta":{"_monsterinsights_skip_tracking":false,"_monsterinsights_sitenote_active":false,"_monsterinsights_sitenote_note":"","_monsterinsights_sitenote_category":0,"_uf_show_specific_survey":0,"_uf_disable_surveys":false,"footnotes":""},"categories":[154],"tags":[],"_links":{"self":[{"href":"https:\/\/michigandigitalnews.com\/index.php\/wp-json\/wp\/v2\/posts\/207991"}],"collection":[{"href":"https:\/\/michigandigitalnews.com\/index.php\/wp-json\/wp\/v2\/posts"}],"about":[{"href":"https:\/\/michigandigitalnews.com\/index.php\/wp-json\/wp\/v2\/types\/post"}],"author":[{"embeddable":true,"href":"https:\/\/michigandigitalnews.com\/index.php\/wp-json\/wp\/v2\/users\/1"}],"replies":[{"embeddable":true,"href":"https:\/\/michigandigitalnews.com\/index.php\/wp-json\/wp\/v2\/comments?post=207991"}],"version-history":[{"count":4,"href":"https:\/\/michigandigitalnews.com\/index.php\/wp-json\/wp\/v2\/posts\/207991\/revisions"}],"predecessor-version":[{"id":342343,"href":"https:\/\/michigandigitalnews.com\/index.php\/wp-json\/wp\/v2\/posts\/207991\/revisions\/342343"}],"wp:featuredmedia":[{"embeddable":true,"href":"https:\/\/michigandigitalnews.com\/index.php\/wp-json\/wp\/v2\/media\/207992"}],"wp:attachment":[{"href":"https:\/\/michigandigitalnews.com\/index.php\/wp-json\/wp\/v2\/media?parent=207991"}],"wp:term":[{"taxonomy":"category","embeddable":true,"href":"https:\/\/michigandigitalnews.com\/index.php\/wp-json\/wp\/v2\/categories?post=207991"},{"taxonomy":"post_tag","embeddable":true,"href":"https:\/\/michigandigitalnews.com\/index.php\/wp-json\/wp\/v2\/tags?post=207991"}],"curies":[{"name":"wp","href":"https:\/\/api.w.org\/{rel}","templated":true}]}}